{"id":2328,"date":"2020-03-20T23:11:53","date_gmt":"2020-03-20T22:11:53","guid":{"rendered":"https:\/\/horti-generation.com\/?p=2328"},"modified":"2022-01-09T19:18:43","modified_gmt":"2022-01-09T18:18:43","slug":"implementar-invernadero-capilla-para-secar-biomasa","status":"publish","type":"post","link":"https:\/\/horti-generation.com\/es\/implementar-invernadero-capilla-para-secar-biomasa\/","title":{"rendered":"\u00bfC\u00f3mo implementar un invernadero capilla para secar biomasa? \u2013 concepto"},"content":{"rendered":"\n<p><\/p>\n\n\n\n<h2><strong>Introducci\u00f3n<\/strong><\/h2>\n\n\n\n<p><\/p>\n\n\n\n<p>Hoy en d\u00eda, m\u00e1s y m\u00e1s profesionales est\u00e1n utilizando<strong> invernaderos capilla modernos <\/strong> cubiertos con pl\u00e1stico (PE) para secar la materia prima. La nueva generaci\u00f3n de invernaderos ofrece un <strong>gran volumen<\/strong> y la posibilidad de <strong>controlar el clima<\/strong> (pasivo \/ activo) en el interior para tener condiciones de secado \u00f3ptimas. Por ejemplo, es posible secar fibras de coco, granos de caf\u00e9 o cacao, productos alimenticios: casava (mandioca), tomate&#8230;, biomasa de la transformaci\u00f3n de coproductos&#8230;<\/p>\n\n\n\n<p><\/p>\n\n\n\n<div class=\"wp-block-image\"><figure class=\"aligncenter\"><img decoding=\"async\" src=\"https:\/\/horti-generation.com\/wp-content\/uploads\/2019\/12\/IMG_20180724_141755-1024x576.jpg\" alt=\"\"\/><\/figure><\/div>\n\n\n\n<p><\/p>\n\n\n\n<h2><strong>Concepto de invernadero de secado<\/strong><\/h2>\n\n\n\n<p><\/p>\n\n\n\n<p>El concepto de usar invernadero multiespacio para secar materia prima (biomasa) puede resumirse en 7 puntos principales:<\/p>\n\n\n\n<ol><li>Usa el <strong>efecto invernadero<\/strong> para aumentar la temperatura interior<br><\/li><li><strong>Ventila el \u00e1rea de secado (pasivo)<\/strong> utilizando el techo del invernadero (respiraderos) y los sistemas de enrollado lateral<br><\/li><li><strong>Ventila el \u00e1rea de secado (activa)<\/strong> usando ventiladores de circulaci\u00f3n (sopladores) y \/ o extractores<br><\/li><li><strong>Protege el producto seco<\/strong> debajo del invernadero de pl\u00e1stico (= funci\u00f3n de refugio) durante todo el a\u00f1o<br><\/li><li><strong>Usa el gran espacio<\/strong> (ancho \/ alto) dentro del invernadero multiespacio de nueva generaci\u00f3n para almacenar m\u00e1s producto y circular dentro con m\u00e1quinas (mejor log\u00edstica)<br><\/li><li><strong>Cubre el invernadero con la mejor pel\u00edcula o material semirr\u00edgido<\/strong> para tener un sistema de secado eficiente de acuerdo con el producto a secar<br><\/li><li><strong>Agrega equipo de invernadero<\/strong> para reducir la humedad dentro del invernadero de secado si la ventilaci\u00f3n no es suficiente para controlar el% de HR<\/li><\/ol>\n\n\n\n<div class=\"wp-block-image\"><figure class=\"aligncenter\"><img decoding=\"async\" loading=\"lazy\" width=\"494\" height=\"540\" src=\"https:\/\/horti-generation.com\/wp-content\/uploads\/2019\/12\/Sans-titre-1.jpg\" alt=\"\" class=\"wp-image-2053\" srcset=\"https:\/\/horti-generation.com\/wp-content\/uploads\/2019\/12\/Sans-titre-1.jpg 494w, https:\/\/horti-generation.com\/wp-content\/uploads\/2019\/12\/Sans-titre-1-274x300.jpg 274w\" sizes=\"(max-width: 494px) 100vw, 494px\" \/><figcaption>Ejemplo de un invernadero de secado multi espacio activo y pasivo<\/figcaption><\/figure><\/div>\n\n\n\n<p><\/p>\n\n\n\n<h2><strong>Conclusi\u00f3n<\/strong><\/h2>\n\n\n\n<p><\/p>\n\n\n\n<p>La selecci\u00f3n del <strong>dise\u00f1o correcto del invernadero<\/strong> y la <strong>superficie de secado<\/strong> (tama\u00f1o del bloque) son factores importantes a considerar. Adem\u00e1s, la <strong>orientaci\u00f3n del invernadero<\/strong> tambi\u00e9n es un punto clave (amanecer \/ atardecer, direcci\u00f3n predominante del viento &#8230;). Por ejemplo, en algunas regiones del mundo, puede ser m\u00e1s eficiente y energ\u00e9ticamente eficiente limitar la superficie del bloque de efecto invernadero agregando un corredor de ventilaci\u00f3n entre cada t\u00fanel&#8230; <\/p>\n\n\n\n<p><\/p>\n\n\n\n<p>En adici\u00f3n, un <strong>an\u00e1lisis de la materia prima (biomasa)<\/strong> es obligatorio antes de implementar su proyecto de invernadero de secado. De hecho, debe discutir con un especialista sobre el objetivo de secado (%HR) en el producto final para <strong>determinar el nivel tecnol\u00f3gico y estrategia<\/strong> utilizando invernadero multiespacio para alcanzarlo.<\/p>\n\n\n\n<p><\/p>\n\n\n\n<p>Los nuevos art\u00edculos presentar\u00e1n casos espec\u00edficos de invernadero mutliespacio utilizado para secar productos de biomasa en particular.<\/p>\n","protected":false},"excerpt":{"rendered":"<p>oy en d\u00eda, m\u00e1s y m\u00e1s profesionales est\u00e1n utilizando invernaderos capilla modernos  cubiertos con pl\u00e1stico (PE) para secar la materia prima. La nueva generaci\u00f3n de invernaderos ofrece un gran volumen y la posibilidad de controlar el clima (pasivo \/ activo)<\/p>\n","protected":false},"author":2,"featured_media":2033,"comment_status":"open","ping_status":"open","sticky":false,"template":"","format":"standard","meta":{"_exactmetrics_skip_tracking":false,"_exactmetrics_sitenote_active":false,"_exactmetrics_sitenote_note":"","_exactmetrics_sitenote_category":0},"categories":[264,256,260],"tags":[321,317,319,318,320],"yoast_head":"<!-- This site is optimized with the Yoast SEO plugin v21.1 - https:\/\/yoast.com\/wordpress\/plugins\/seo\/ -->\n<title>\u00bfC\u00f3mo implementar un invernadero capilla para secar biomasa? \u2013 concepto - Horti Generation<\/title>\n<meta name=\"description\" content=\"Un invernadero ofrece un gran volumen con posibilidad de controlar el clima interior para tener unas condiciones \u00f3ptimas de secado\" \/>\n<meta name=\"robots\" content=\"index, follow, max-snippet:-1, max-image-preview:large, max-video-preview:-1\" \/>\n<link rel=\"canonical\" href=\"https:\/\/horti-generation.com\/es\/implementar-invernadero-capilla-para-secar-biomasa\/\" \/>\n<meta property=\"og:locale\" content=\"es_ES\" \/>\n<meta property=\"og:type\" content=\"article\" \/>\n<meta property=\"og:title\" content=\"\u00bfC\u00f3mo implementar un invernadero capilla para secar biomasa? \u2013 concepto - Horti Generation\" \/>\n<meta property=\"og:description\" content=\"Un invernadero ofrece un gran volumen con posibilidad de controlar el clima interior para tener unas condiciones \u00f3ptimas de secado\" \/>\n<meta property=\"og:url\" content=\"https:\/\/horti-generation.com\/es\/implementar-invernadero-capilla-para-secar-biomasa\/\" \/>\n<meta property=\"og:site_name\" content=\"Horti Generation\" \/>\n<meta property=\"article:publisher\" content=\"https:\/\/www.facebook.com\/greenhouse.horticulture.expert\" \/>\n<meta property=\"article:author\" content=\"https:\/\/www.facebook.com\/greenhouse.horticulture.expert\" \/>\n<meta property=\"article:published_time\" content=\"2020-03-20T22:11:53+00:00\" \/>\n<meta property=\"article:modified_time\" content=\"2022-01-09T18:18:43+00:00\" \/>\n<meta property=\"og:image\" content=\"https:\/\/horti-generation.com\/wp-content\/uploads\/2019\/11\/IMG_20180724_145242.jpg\" \/>\n\t<meta property=\"og:image:width\" content=\"2500\" \/>\n\t<meta property=\"og:image:height\" content=\"1354\" \/>\n\t<meta property=\"og:image:type\" content=\"image\/jpeg\" \/>\n<meta name=\"author\" content=\"Corenthin Chassouant\" \/>\n<meta name=\"twitter:card\" content=\"summary_large_image\" \/>\n<meta name=\"twitter:creator\" content=\"@https:\/\/x.com\/Corenthin_Cha\" \/>\n<meta name=\"twitter:site\" content=\"@Corenthin_Cha\" \/>\n<meta name=\"twitter:label1\" content=\"Escrito por\" \/>\n\t<meta name=\"twitter:data1\" content=\"Corenthin Chassouant\" \/>\n\t<meta name=\"twitter:label2\" content=\"Tiempo de lectura\" \/>\n\t<meta name=\"twitter:data2\" content=\"3 minutos\" \/>\n<script type=\"application\/ld+json\" class=\"yoast-schema-graph\">{\"@context\":\"https:\/\/schema.org\",\"@graph\":[{\"@type\":\"Article\",\"@id\":\"https:\/\/horti-generation.com\/es\/implementar-invernadero-capilla-para-secar-biomasa\/#article\",\"isPartOf\":{\"@id\":\"https:\/\/horti-generation.com\/es\/implementar-invernadero-capilla-para-secar-biomasa\/\"},\"author\":{\"name\":\"Corenthin Chassouant\",\"@id\":\"https:\/\/horti-generation.com\/es\/#\/schema\/person\/b7fd88164e1c7b1228eb5c29b5841b6d\"},\"headline\":\"\u00bfC\u00f3mo implementar un invernadero capilla para secar biomasa? \u2013 concepto\",\"datePublished\":\"2020-03-20T22:11:53+00:00\",\"dateModified\":\"2022-01-09T18:18:43+00:00\",\"mainEntityOfPage\":{\"@id\":\"https:\/\/horti-generation.com\/es\/implementar-invernadero-capilla-para-secar-biomasa\/\"},\"wordCount\":414,\"commentCount\":0,\"publisher\":{\"@id\":\"https:\/\/horti-generation.com\/es\/#\/schema\/person\/b7fd88164e1c7b1228eb5c29b5841b6d\"},\"keywords\":[\"almacenamiento\",\"biomasa\",\"materiaprima\",\"secado\",\"volumen\"],\"articleSection\":[\"ARTICULOS\",\"CONSTRUCCION\",\"OTROS\"],\"inLanguage\":\"es\",\"potentialAction\":[{\"@type\":\"CommentAction\",\"name\":\"Comment\",\"target\":[\"https:\/\/horti-generation.com\/es\/implementar-invernadero-capilla-para-secar-biomasa\/#respond\"]}]},{\"@type\":\"WebPage\",\"@id\":\"https:\/\/horti-generation.com\/es\/implementar-invernadero-capilla-para-secar-biomasa\/\",\"url\":\"https:\/\/horti-generation.com\/es\/implementar-invernadero-capilla-para-secar-biomasa\/\",\"name\":\"\u00bfC\u00f3mo implementar un invernadero capilla para secar biomasa? \u2013 concepto - Horti Generation\",\"isPartOf\":{\"@id\":\"https:\/\/horti-generation.com\/es\/#website\"},\"datePublished\":\"2020-03-20T22:11:53+00:00\",\"dateModified\":\"2022-01-09T18:18:43+00:00\",\"description\":\"Un invernadero ofrece un gran volumen con posibilidad de controlar el clima interior para tener unas condiciones \u00f3ptimas de secado\",\"breadcrumb\":{\"@id\":\"https:\/\/horti-generation.com\/es\/implementar-invernadero-capilla-para-secar-biomasa\/#breadcrumb\"},\"inLanguage\":\"es\",\"potentialAction\":[{\"@type\":\"ReadAction\",\"target\":[\"https:\/\/horti-generation.com\/es\/implementar-invernadero-capilla-para-secar-biomasa\/\"]}]},{\"@type\":\"BreadcrumbList\",\"@id\":\"https:\/\/horti-generation.com\/es\/implementar-invernadero-capilla-para-secar-biomasa\/#breadcrumb\",\"itemListElement\":[{\"@type\":\"ListItem\",\"position\":1,\"name\":\"Accueil\",\"item\":\"https:\/\/horti-generation.com\/es\/\"},{\"@type\":\"ListItem\",\"position\":2,\"name\":\"\u00bfC\u00f3mo implementar un invernadero capilla para secar biomasa? \u2013 concepto\"}]},{\"@type\":\"WebSite\",\"@id\":\"https:\/\/horti-generation.com\/es\/#website\",\"url\":\"https:\/\/horti-generation.com\/es\/\",\"name\":\"Horti Generation\",\"description\":\"Horti Generation | Greenhouse &amp; CEA Insights for North American Commercial Growers\",\"publisher\":{\"@id\":\"https:\/\/horti-generation.com\/es\/#\/schema\/person\/b7fd88164e1c7b1228eb5c29b5841b6d\"},\"potentialAction\":[{\"@type\":\"SearchAction\",\"target\":{\"@type\":\"EntryPoint\",\"urlTemplate\":\"https:\/\/horti-generation.com\/es\/?s={search_term_string}\"},\"query-input\":\"required name=search_term_string\"}],\"inLanguage\":\"es\"},{\"@type\":[\"Person\",\"Organization\"],\"@id\":\"https:\/\/horti-generation.com\/es\/#\/schema\/person\/b7fd88164e1c7b1228eb5c29b5841b6d\",\"name\":\"Corenthin Chassouant\",\"image\":{\"@type\":\"ImageObject\",\"inLanguage\":\"es\",\"@id\":\"https:\/\/horti-generation.com\/es\/#\/schema\/person\/image\/\",\"url\":\"https:\/\/horti-generation.com\/wp-content\/uploads\/2019\/09\/L3A2533-1024x683.jpg\",\"contentUrl\":\"https:\/\/horti-generation.com\/wp-content\/uploads\/2019\/09\/L3A2533-1024x683.jpg\",\"width\":1024,\"height\":683,\"caption\":\"Corenthin Chassouant\"},\"logo\":{\"@id\":\"https:\/\/horti-generation.com\/es\/#\/schema\/person\/image\/\"},\"description\":\"I am an agronomist (MSc) and greenhouse expert with 10+ years of experience in the Controlled Environment Agriculture (CEA) sector. I provide expert advice to growers and industry professionals worldwide. My international background allows me to optimize greenhouse operations and enhance productivity. Let's connect to achieve your agricultural goals!\",\"sameAs\":[\"https:\/\/horti-generation.com\",\"https:\/\/www.facebook.com\/greenhouse.horticulture.expert\",\"https:\/\/www.instagram.com\/felixcha_harnois\/?hl=en\",\"https:\/\/www.linkedin.com\/in\/corenthin-f\u00e9lix-chassouant\/\",\"https:\/\/twitter.com\/https:\/\/x.com\/Corenthin_Cha\"]}]}<\/script>\n<!-- \/ Yoast SEO plugin. -->","yoast_head_json":{"title":"\u00bfC\u00f3mo implementar un invernadero capilla para secar biomasa? \u2013 concepto - Horti Generation","description":"Un invernadero ofrece un gran volumen con posibilidad de controlar el clima interior para tener unas condiciones \u00f3ptimas de secado","robots":{"index":"index","follow":"follow","max-snippet":"max-snippet:-1","max-image-preview":"max-image-preview:large","max-video-preview":"max-video-preview:-1"},"canonical":"https:\/\/horti-generation.com\/es\/implementar-invernadero-capilla-para-secar-biomasa\/","og_locale":"es_ES","og_type":"article","og_title":"\u00bfC\u00f3mo implementar un invernadero capilla para secar biomasa? \u2013 concepto - Horti Generation","og_description":"Un invernadero ofrece un gran volumen con posibilidad de controlar el clima interior para tener unas condiciones \u00f3ptimas de secado","og_url":"https:\/\/horti-generation.com\/es\/implementar-invernadero-capilla-para-secar-biomasa\/","og_site_name":"Horti Generation","article_publisher":"https:\/\/www.facebook.com\/greenhouse.horticulture.expert","article_author":"https:\/\/www.facebook.com\/greenhouse.horticulture.expert","article_published_time":"2020-03-20T22:11:53+00:00","article_modified_time":"2022-01-09T18:18:43+00:00","og_image":[{"width":2500,"height":1354,"url":"https:\/\/horti-generation.com\/wp-content\/uploads\/2019\/11\/IMG_20180724_145242.jpg","type":"image\/jpeg"}],"author":"Corenthin Chassouant","twitter_card":"summary_large_image","twitter_creator":"@https:\/\/x.com\/Corenthin_Cha","twitter_site":"@Corenthin_Cha","twitter_misc":{"Escrito por":"Corenthin Chassouant","Tiempo de lectura":"3 minutos"},"schema":{"@context":"https:\/\/schema.org","@graph":[{"@type":"Article","@id":"https:\/\/horti-generation.com\/es\/implementar-invernadero-capilla-para-secar-biomasa\/#article","isPartOf":{"@id":"https:\/\/horti-generation.com\/es\/implementar-invernadero-capilla-para-secar-biomasa\/"},"author":{"name":"Corenthin Chassouant","@id":"https:\/\/horti-generation.com\/es\/#\/schema\/person\/b7fd88164e1c7b1228eb5c29b5841b6d"},"headline":"\u00bfC\u00f3mo implementar un invernadero capilla para secar biomasa? \u2013 concepto","datePublished":"2020-03-20T22:11:53+00:00","dateModified":"2022-01-09T18:18:43+00:00","mainEntityOfPage":{"@id":"https:\/\/horti-generation.com\/es\/implementar-invernadero-capilla-para-secar-biomasa\/"},"wordCount":414,"commentCount":0,"publisher":{"@id":"https:\/\/horti-generation.com\/es\/#\/schema\/person\/b7fd88164e1c7b1228eb5c29b5841b6d"},"keywords":["almacenamiento","biomasa","materiaprima","secado","volumen"],"articleSection":["ARTICULOS","CONSTRUCCION","OTROS"],"inLanguage":"es","potentialAction":[{"@type":"CommentAction","name":"Comment","target":["https:\/\/horti-generation.com\/es\/implementar-invernadero-capilla-para-secar-biomasa\/#respond"]}]},{"@type":"WebPage","@id":"https:\/\/horti-generation.com\/es\/implementar-invernadero-capilla-para-secar-biomasa\/","url":"https:\/\/horti-generation.com\/es\/implementar-invernadero-capilla-para-secar-biomasa\/","name":"\u00bfC\u00f3mo implementar un invernadero capilla para secar biomasa? \u2013 concepto - Horti Generation","isPartOf":{"@id":"https:\/\/horti-generation.com\/es\/#website"},"datePublished":"2020-03-20T22:11:53+00:00","dateModified":"2022-01-09T18:18:43+00:00","description":"Un invernadero ofrece un gran volumen con posibilidad de controlar el clima interior para tener unas condiciones \u00f3ptimas de secado","breadcrumb":{"@id":"https:\/\/horti-generation.com\/es\/implementar-invernadero-capilla-para-secar-biomasa\/#breadcrumb"},"inLanguage":"es","potentialAction":[{"@type":"ReadAction","target":["https:\/\/horti-generation.com\/es\/implementar-invernadero-capilla-para-secar-biomasa\/"]}]},{"@type":"BreadcrumbList","@id":"https:\/\/horti-generation.com\/es\/implementar-invernadero-capilla-para-secar-biomasa\/#breadcrumb","itemListElement":[{"@type":"ListItem","position":1,"name":"Accueil","item":"https:\/\/horti-generation.com\/es\/"},{"@type":"ListItem","position":2,"name":"\u00bfC\u00f3mo implementar un invernadero capilla para secar biomasa? \u2013 concepto"}]},{"@type":"WebSite","@id":"https:\/\/horti-generation.com\/es\/#website","url":"https:\/\/horti-generation.com\/es\/","name":"Horti Generation","description":"Horti Generation | Greenhouse &amp; CEA Insights for North American Commercial Growers","publisher":{"@id":"https:\/\/horti-generation.com\/es\/#\/schema\/person\/b7fd88164e1c7b1228eb5c29b5841b6d"},"potentialAction":[{"@type":"SearchAction","target":{"@type":"EntryPoint","urlTemplate":"https:\/\/horti-generation.com\/es\/?s={search_term_string}"},"query-input":"required name=search_term_string"}],"inLanguage":"es"},{"@type":["Person","Organization"],"@id":"https:\/\/horti-generation.com\/es\/#\/schema\/person\/b7fd88164e1c7b1228eb5c29b5841b6d","name":"Corenthin Chassouant","image":{"@type":"ImageObject","inLanguage":"es","@id":"https:\/\/horti-generation.com\/es\/#\/schema\/person\/image\/","url":"https:\/\/horti-generation.com\/wp-content\/uploads\/2019\/09\/L3A2533-1024x683.jpg","contentUrl":"https:\/\/horti-generation.com\/wp-content\/uploads\/2019\/09\/L3A2533-1024x683.jpg","width":1024,"height":683,"caption":"Corenthin Chassouant"},"logo":{"@id":"https:\/\/horti-generation.com\/es\/#\/schema\/person\/image\/"},"description":"I am an agronomist (MSc) and greenhouse expert with 10+ years of experience in the Controlled Environment Agriculture (CEA) sector. I provide expert advice to growers and industry professionals worldwide. My international background allows me to optimize greenhouse operations and enhance productivity. Let's connect to achieve your agricultural goals!","sameAs":["https:\/\/horti-generation.com","https:\/\/www.facebook.com\/greenhouse.horticulture.expert","https:\/\/www.instagram.com\/felixcha_harnois\/?hl=en","https:\/\/www.linkedin.com\/in\/corenthin-f\u00e9lix-chassouant\/","https:\/\/twitter.com\/https:\/\/x.com\/Corenthin_Cha"]}]}},"_links":{"self":[{"href":"https:\/\/horti-generation.com\/es\/wp-json\/wp\/v2\/posts\/2328"}],"collection":[{"href":"https:\/\/horti-generation.com\/es\/wp-json\/wp\/v2\/posts"}],"about":[{"href":"https:\/\/horti-generation.com\/es\/wp-json\/wp\/v2\/types\/post"}],"author":[{"embeddable":true,"href":"https:\/\/horti-generation.com\/es\/wp-json\/wp\/v2\/users\/2"}],"replies":[{"embeddable":true,"href":"https:\/\/horti-generation.com\/es\/wp-json\/wp\/v2\/comments?post=2328"}],"version-history":[{"count":6,"href":"https:\/\/horti-generation.com\/es\/wp-json\/wp\/v2\/posts\/2328\/revisions"}],"predecessor-version":[{"id":6684,"href":"https:\/\/horti-generation.com\/es\/wp-json\/wp\/v2\/posts\/2328\/revisions\/6684"}],"wp:featuredmedia":[{"embeddable":true,"href":"https:\/\/horti-generation.com\/es\/wp-json\/wp\/v2\/media\/2033"}],"wp:attachment":[{"href":"https:\/\/horti-generation.com\/es\/wp-json\/wp\/v2\/media?parent=2328"}],"wp:term":[{"taxonomy":"category","embeddable":true,"href":"https:\/\/horti-generation.com\/es\/wp-json\/wp\/v2\/categories?post=2328"},{"taxonomy":"post_tag","embeddable":true,"href":"https:\/\/horti-generation.com\/es\/wp-json\/wp\/v2\/tags?post=2328"}],"curies":[{"name":"wp","href":"https:\/\/api.w.org\/{rel}","templated":true}]}}