{"id":9192,"date":"2023-12-10T20:05:47","date_gmt":"2023-12-10T19:05:47","guid":{"rendered":"https:\/\/horti-generation.com\/retractable-thermal-blankets-greenhouse-system-for-winter-cultivation\/"},"modified":"2024-03-29T16:33:04","modified_gmt":"2024-03-29T15:33:04","slug":"couvertures-thermiques-retractables-serre-tunnel-culture-froide-hiver","status":"publish","type":"post","link":"https:\/\/horti-generation.com\/fr\/couvertures-thermiques-retractables-serre-tunnel-culture-froide-hiver\/","title":{"rendered":"Couvertures thermiques r\u00e9tractables dans une serre individuelle"},"content":{"rendered":"\n<p><\/p>\n\n\n\n<h2><strong>Introduction<\/strong><\/h2>\n\n\n\n<p><\/p>\n\n\n\n<p>Suite \u00e0 l&#8217;article r\u00e9cent sur l&#8217;<strong><a href=\"https:\/\/horti-generation.com\/fr\/efficacite-energetique-serre-individuelle\/\" target=\"_blank\" rel=\"noreferrer noopener\">Efficacit\u00e9 \u00e9nerg\u00e9tique pour votre serre individuelle<\/a><\/strong>, je suis all\u00e9 sur le terrain pour visiter le<strong> CETAB+<\/strong>. Il s&#8217;agit d&#8217;un centre d&#8217;expertise qui fait de la recherche et du d\u00e9veloppement (R&amp;D) et de la formation \u00e0 Victoriaville, au Qu\u00e9bec.<\/p>\n\n\n\n<p><\/p>\n\n\n<div class=\"wp-block-image\">\n<figure class=\"aligncenter size-full is-resized\"><a class=\"high tunnel greenhouse system\" href=\"https:\/\/cetab.bio\/publication\/construction-dune-enrouleuse-a-couvertures-flottantes\/\" target=\"_blank\" rel=\"Ovaltech rolling system for thermal blankets in cold greenhouses noopener\"><img decoding=\"async\" loading=\"lazy\" src=\"https:\/\/horti-generation.com\/wp-content\/uploads\/2023\/12\/image.png\" alt=\"\" class=\"wp-image-9131\" width=\"265\" height=\"102\"\/><\/a><\/figure><\/div>\n\n\n<p><\/p>\n\n\n\n<h2><strong>Une innovation en test au CETAB+<\/strong><\/h2>\n\n\n\n<p><\/p>\n\n\n\n<p>Les experts et agronomes du CETAB+ utilisent deux serres individuelles <strong>Ovaltech III 35&#8242; de large <\/strong>(10,67m) pour effectuer leurs \u00e9tudes scientifiques en partenariat avec d&#8217;autres centres de recherche.<\/p>\n\n\n\n<p>La g\u00e9om\u00e9trie gothique, la qualit\u00e9 de la structure et l&#8217;efficacit\u00e9 pendant l&#8217;hiver ont \u00e9t\u00e9 les principales raisons pour lesquelles la serre Ovaltech a \u00e9t\u00e9 choisie par le <strong>CETAB+<\/strong>. Elle est fabriqu\u00e9e par une entreprise canadienne les <strong><a href=\"https:\/\/www.harnois.com\/serres\/ovaltech\/\" target=\"_blank\" rel=\"noreferrer noopener\">Industries Harnois<\/a> <\/strong>qui a plus de 60 ans d&#8217;exp\u00e9rience. <\/p>\n\n\n\n<p><\/p>\n\n\n<div class=\"wp-block-image\">\n<figure class=\"aligncenter size-full\"><a class=\"winter crops profitably using thermal blankets\" href=\"https:\/\/www.harnois.com\/en\/greenhouses\/ovaltech\/\" target=\"_blank\" rel=\"best high tunnel greenhouse noopener\"><img decoding=\"async\" loading=\"lazy\" width=\"250\" height=\"85\" src=\"https:\/\/horti-generation.com\/wp-content\/uploads\/2023\/12\/image-2.png\" alt=\"\" class=\"wp-image-9161\"\/><\/a><\/figure><\/div>\n\n\n<p><\/p>\n\n\n<div class=\"wp-block-image\">\n<figure class=\"aligncenter size-large\"><img decoding=\"async\" loading=\"lazy\" width=\"1024\" height=\"243\" src=\"https:\/\/horti-generation.com\/wp-content\/uploads\/2023\/12\/image-1-1024x243.png\" alt=\"\" class=\"wp-image-9136\" srcset=\"https:\/\/horti-generation.com\/wp-content\/uploads\/2023\/12\/image-1-1024x243.png 1024w, https:\/\/horti-generation.com\/wp-content\/uploads\/2023\/12\/image-1-300x71.png 300w, https:\/\/horti-generation.com\/wp-content\/uploads\/2023\/12\/image-1-768x183.png 768w, https:\/\/horti-generation.com\/wp-content\/uploads\/2023\/12\/image-1-730x174.png 730w, https:\/\/horti-generation.com\/wp-content\/uploads\/2023\/12\/image-1-1070x254.png 1070w, https:\/\/horti-generation.com\/wp-content\/uploads\/2023\/12\/image-1.png 1346w\" sizes=\"(max-width: 1024px) 100vw, 1024px\" \/><\/figure><\/div>\n\n\n<p><\/p>\n\n\n\n<p>En savoir plus sur la serre Ovaltech : <a href=\"https:\/\/www.harnois.com\/en\/greenhouses\/ovaltech\/\" target=\"_blank\" rel=\"noreferrer noopener\">https:\/\/www.h<\/a><a href=\"https:\/\/www.harnois.com\/serres\/ovaltech\/\" target=\"_blank\" rel=\"noreferrer noopener\">arnois.com\/en\/greenhouses\/ovaltech\/<\/a><\/p>\n\n\n\n<p><\/p>\n\n\n\n<p>Ci-dessous un aper\u00e7u du <strong>syst\u00e8me r\u00e9tractable pour les couvertures thermiques <\/strong>compatibles avec la serre Ovaltech afin de cultiver sans ou avec un minimum de chauffage pendant tout l&#8217;hiver.<\/p>\n\n\n\n<p><strong>Charlotte Giard-Lalibert\u00e9, agr. M.Sc<\/strong> est l&#8217;une des expertes qui g\u00e8rent ce projet visant \u00e0 mesurer les performances agronomiques et la rentabilit\u00e9 pour les producteurs gr\u00e2ce ce syst\u00e8me innovant :<\/p>\n\n\n\n<p><\/p>\n\n\n\n\t\t<style type=\"text\/css\">\n\t\t\t#gallery-1 {\n\t\t\t\tmargin: auto;\n\t\t\t}\n\t\t\t#gallery-1 .gallery-item {\n\t\t\t\tfloat: left;\n\t\t\t\tmargin-top: 10px;\n\t\t\t\ttext-align: center;\n\t\t\t\twidth: 100%;\n\t\t\t}\n\t\t\t#gallery-1 img {\n\t\t\t\tborder: 2px solid #cfcfcf;\n\t\t\t}\n\t\t\t#gallery-1 .gallery-caption {\n\t\t\t\tmargin-left: 0;\n\t\t\t}\n\t\t\t\/* see gallery_shortcode() in wp-includes\/media.php *\/\n\t\t<\/style>\n\t\t<div id='gallery-1' class='gallery galleryid-9192 gallery-columns-1 gallery-size-thr-layout-a-nosid'><dl class='gallery-item'>\n\t\t\t<dt class='gallery-icon landscape'>\n\t\t\t\t<a href='https:\/\/horti-generation.com\/wp-content\/uploads\/2023\/12\/P1220802-1.jpg'><img width=\"1070\" height=\"770\" src=\"https:\/\/horti-generation.com\/wp-content\/uploads\/2023\/12\/P1220802-1-1070x770.jpg\" class=\"attachment-thr-layout-a-nosid size-thr-layout-a-nosid\" alt=\"\" decoding=\"async\" loading=\"lazy\" srcset=\"https:\/\/horti-generation.com\/wp-content\/uploads\/2023\/12\/P1220802-1-1070x770.jpg 1070w, https:\/\/horti-generation.com\/wp-content\/uploads\/2023\/12\/P1220802-1-300x216.jpg 300w, https:\/\/horti-generation.com\/wp-content\/uploads\/2023\/12\/P1220802-1-1024x737.jpg 1024w, https:\/\/horti-generation.com\/wp-content\/uploads\/2023\/12\/P1220802-1-768x553.jpg 768w, https:\/\/horti-generation.com\/wp-content\/uploads\/2023\/12\/P1220802-1-1536x1106.jpg 1536w, https:\/\/horti-generation.com\/wp-content\/uploads\/2023\/12\/P1220802-1-2048x1475.jpg 2048w, https:\/\/horti-generation.com\/wp-content\/uploads\/2023\/12\/P1220802-1-730x526.jpg 730w\" sizes=\"(max-width: 1070px) 100vw, 1070px\" \/><\/a>\n\t\t\t<\/dt><\/dl><br style=\"clear: both\" \/>\n\t\t<\/div>\n\n\n\n<p><\/p>\n\n\n\n<p>Le syst\u00e8me peut \u00eatre <strong>relev\u00e9 et abaiss\u00e9 <\/strong>\u00e0 l&#8217;aide d&#8217;un moteur. De plus, la couverture thermique prot\u00e9geant les cultures est d\u00e9ploy\u00e9e \u00e0 l&#8217;aide d&#8217;un syst\u00e8me manuel \u00e0 manivelle, mais peut \u00e9galement \u00eatre motoris\u00e9e et contr\u00f4l\u00e9e par un ordinateur climatique.<\/p>\n\n\n\n<p><\/p>\n\n\n\n\t\t<style type=\"text\/css\">\n\t\t\t#gallery-2 {\n\t\t\t\tmargin: auto;\n\t\t\t}\n\t\t\t#gallery-2 .gallery-item {\n\t\t\t\tfloat: left;\n\t\t\t\tmargin-top: 10px;\n\t\t\t\ttext-align: center;\n\t\t\t\twidth: 100%;\n\t\t\t}\n\t\t\t#gallery-2 img {\n\t\t\t\tborder: 2px solid #cfcfcf;\n\t\t\t}\n\t\t\t#gallery-2 .gallery-caption {\n\t\t\t\tmargin-left: 0;\n\t\t\t}\n\t\t\t\/* see gallery_shortcode() in wp-includes\/media.php *\/\n\t\t<\/style>\n\t\t<div id='gallery-2' class='gallery galleryid-9192 gallery-columns-1 gallery-size-thr-layout-a-nosid'><dl class='gallery-item'>\n\t\t\t<dt class='gallery-icon landscape'>\n\t\t\t\t<a href='https:\/\/horti-generation.com\/wp-content\/uploads\/2023\/12\/P1220802-2.jpg'><img width=\"1070\" height=\"770\" src=\"https:\/\/horti-generation.com\/wp-content\/uploads\/2023\/12\/P1220802-2-1070x770.jpg\" class=\"attachment-thr-layout-a-nosid size-thr-layout-a-nosid\" alt=\"\" decoding=\"async\" loading=\"lazy\" srcset=\"https:\/\/horti-generation.com\/wp-content\/uploads\/2023\/12\/P1220802-2-1070x770.jpg 1070w, https:\/\/horti-generation.com\/wp-content\/uploads\/2023\/12\/P1220802-2-300x216.jpg 300w, https:\/\/horti-generation.com\/wp-content\/uploads\/2023\/12\/P1220802-2-1024x737.jpg 1024w, https:\/\/horti-generation.com\/wp-content\/uploads\/2023\/12\/P1220802-2-768x553.jpg 768w, https:\/\/horti-generation.com\/wp-content\/uploads\/2023\/12\/P1220802-2-1536x1106.jpg 1536w, https:\/\/horti-generation.com\/wp-content\/uploads\/2023\/12\/P1220802-2-2048x1475.jpg 2048w, https:\/\/horti-generation.com\/wp-content\/uploads\/2023\/12\/P1220802-2-730x526.jpg 730w\" sizes=\"(max-width: 1070px) 100vw, 1070px\" \/><\/a>\n\t\t\t<\/dt><\/dl><br style=\"clear: both\" \/><dl class='gallery-item'>\n\t\t\t<dt class='gallery-icon landscape'>\n\t\t\t\t<a href='https:\/\/horti-generation.com\/wp-content\/uploads\/2023\/12\/P1220817.jpg'><img width=\"1070\" height=\"750\" src=\"https:\/\/horti-generation.com\/wp-content\/uploads\/2023\/12\/P1220817-1070x750.jpg\" class=\"attachment-thr-layout-a-nosid size-thr-layout-a-nosid\" alt=\"\" decoding=\"async\" loading=\"lazy\" srcset=\"https:\/\/horti-generation.com\/wp-content\/uploads\/2023\/12\/P1220817-1070x750.jpg 1070w, https:\/\/horti-generation.com\/wp-content\/uploads\/2023\/12\/P1220817-300x210.jpg 300w, https:\/\/horti-generation.com\/wp-content\/uploads\/2023\/12\/P1220817-1024x718.jpg 1024w, https:\/\/horti-generation.com\/wp-content\/uploads\/2023\/12\/P1220817-768x538.jpg 768w, https:\/\/horti-generation.com\/wp-content\/uploads\/2023\/12\/P1220817-1536x1077.jpg 1536w, https:\/\/horti-generation.com\/wp-content\/uploads\/2023\/12\/P1220817-2048x1436.jpg 2048w, https:\/\/horti-generation.com\/wp-content\/uploads\/2023\/12\/P1220817-730x512.jpg 730w\" sizes=\"(max-width: 1070px) 100vw, 1070px\" \/><\/a>\n\t\t\t<\/dt><\/dl><br style=\"clear: both\" \/>\n\t\t<\/div>\n\n\n\n<p><\/p>\n\n\n\n<p>Sous la<strong> couverture thermique<\/strong>, on peut voir les cultures d&#8217;hiver, bien prot\u00e9g\u00e9es pendant les jours et les nuits froids. Le principe des couches est utilis\u00e9 pour voir un &#8220;<strong>double effet de serre<\/strong>&#8221; :<\/p>\n\n\n\n<p><\/p>\n\n\n\n\t\t<style type=\"text\/css\">\n\t\t\t#gallery-3 {\n\t\t\t\tmargin: auto;\n\t\t\t}\n\t\t\t#gallery-3 .gallery-item {\n\t\t\t\tfloat: left;\n\t\t\t\tmargin-top: 10px;\n\t\t\t\ttext-align: center;\n\t\t\t\twidth: 100%;\n\t\t\t}\n\t\t\t#gallery-3 img {\n\t\t\t\tborder: 2px solid #cfcfcf;\n\t\t\t}\n\t\t\t#gallery-3 .gallery-caption {\n\t\t\t\tmargin-left: 0;\n\t\t\t}\n\t\t\t\/* see gallery_shortcode() in wp-includes\/media.php *\/\n\t\t<\/style>\n\t\t<div id='gallery-3' class='gallery galleryid-9192 gallery-columns-1 gallery-size-thr-layout-a-nosid'><dl class='gallery-item'>\n\t\t\t<dt class='gallery-icon landscape'>\n\t\t\t\t<a href='https:\/\/horti-generation.com\/wp-content\/uploads\/2023\/12\/P1220835.jpg'><img width=\"1070\" height=\"704\" src=\"https:\/\/horti-generation.com\/wp-content\/uploads\/2023\/12\/P1220835-1070x704.jpg\" class=\"attachment-thr-layout-a-nosid size-thr-layout-a-nosid\" alt=\"\" decoding=\"async\" loading=\"lazy\" srcset=\"https:\/\/horti-generation.com\/wp-content\/uploads\/2023\/12\/P1220835-1070x704.jpg 1070w, https:\/\/horti-generation.com\/wp-content\/uploads\/2023\/12\/P1220835-300x197.jpg 300w, https:\/\/horti-generation.com\/wp-content\/uploads\/2023\/12\/P1220835-1024x674.jpg 1024w, https:\/\/horti-generation.com\/wp-content\/uploads\/2023\/12\/P1220835-768x506.jpg 768w, https:\/\/horti-generation.com\/wp-content\/uploads\/2023\/12\/P1220835-1536x1011.jpg 1536w, https:\/\/horti-generation.com\/wp-content\/uploads\/2023\/12\/P1220835-2048x1348.jpg 2048w, https:\/\/horti-generation.com\/wp-content\/uploads\/2023\/12\/P1220835-730x481.jpg 730w\" sizes=\"(max-width: 1070px) 100vw, 1070px\" \/><\/a>\n\t\t\t<\/dt><\/dl><br style=\"clear: both\" \/>\n\t\t<\/div>\n\n\n\n<p><\/p>\n\n\n\n<p>Sous la couverture thermique, la <strong>temp\u00e9rature du sol ne descend jamais en dessous de 0\u00b0 Celsius<\/strong>, m\u00eame pendant les nuits les plus froides de l&#8217;hiver qu\u00e9b\u00e9cois :<\/p>\n\n\n\n<p><\/p>\n\n\n\n\t\t<style type=\"text\/css\">\n\t\t\t#gallery-4 {\n\t\t\t\tmargin: auto;\n\t\t\t}\n\t\t\t#gallery-4 .gallery-item {\n\t\t\t\tfloat: left;\n\t\t\t\tmargin-top: 10px;\n\t\t\t\ttext-align: center;\n\t\t\t\twidth: 100%;\n\t\t\t}\n\t\t\t#gallery-4 img {\n\t\t\t\tborder: 2px solid #cfcfcf;\n\t\t\t}\n\t\t\t#gallery-4 .gallery-caption {\n\t\t\t\tmargin-left: 0;\n\t\t\t}\n\t\t\t\/* see gallery_shortcode() in wp-includes\/media.php *\/\n\t\t<\/style>\n\t\t<div id='gallery-4' class='gallery galleryid-9192 gallery-columns-1 gallery-size-thr-layout-a-nosid'><dl class='gallery-item'>\n\t\t\t<dt class='gallery-icon landscape'>\n\t\t\t\t<a href='https:\/\/horti-generation.com\/wp-content\/uploads\/2023\/12\/P1220810.jpg'><img width=\"1070\" height=\"489\" src=\"https:\/\/horti-generation.com\/wp-content\/uploads\/2023\/12\/P1220810-1070x489.jpg\" class=\"attachment-thr-layout-a-nosid size-thr-layout-a-nosid\" alt=\"\" decoding=\"async\" loading=\"lazy\" srcset=\"https:\/\/horti-generation.com\/wp-content\/uploads\/2023\/12\/P1220810-1070x489.jpg 1070w, https:\/\/horti-generation.com\/wp-content\/uploads\/2023\/12\/P1220810-300x137.jpg 300w, https:\/\/horti-generation.com\/wp-content\/uploads\/2023\/12\/P1220810-1024x468.jpg 1024w, https:\/\/horti-generation.com\/wp-content\/uploads\/2023\/12\/P1220810-768x351.jpg 768w, https:\/\/horti-generation.com\/wp-content\/uploads\/2023\/12\/P1220810-1536x702.jpg 1536w, https:\/\/horti-generation.com\/wp-content\/uploads\/2023\/12\/P1220810-2048x936.jpg 2048w, https:\/\/horti-generation.com\/wp-content\/uploads\/2023\/12\/P1220810-730x334.jpg 730w\" sizes=\"(max-width: 1070px) 100vw, 1070px\" \/><\/a>\n\t\t\t<\/dt><\/dl><br style=\"clear: both\" \/>\n\t\t<\/div>\n\n\n\n<p><\/p>\n\n\n\n<p>Dans la <strong>deuxi\u00e8me serre,<\/strong> des capteurs et des donn\u00e9es ont \u00e9t\u00e9 pris (contr\u00f4le n\u00e9gatif: serre t\u00e9moin) pour mesurer les diff\u00e9rences entre l&#8217;Ovaltech avecle syst\u00e8me de couverture thermique.<\/p>\n\n\n\n<p>Contr\u00f4le n\u00e9gatif dans la serre Ovaltech t\u00e9moin ci-dessous :<\/p>\n\n\n\n<p><\/p>\n\n\n\n\t\t<style type=\"text\/css\">\n\t\t\t#gallery-5 {\n\t\t\t\tmargin: auto;\n\t\t\t}\n\t\t\t#gallery-5 .gallery-item {\n\t\t\t\tfloat: left;\n\t\t\t\tmargin-top: 10px;\n\t\t\t\ttext-align: center;\n\t\t\t\twidth: 100%;\n\t\t\t}\n\t\t\t#gallery-5 img {\n\t\t\t\tborder: 2px solid #cfcfcf;\n\t\t\t}\n\t\t\t#gallery-5 .gallery-caption {\n\t\t\t\tmargin-left: 0;\n\t\t\t}\n\t\t\t\/* see gallery_shortcode() in wp-includes\/media.php *\/\n\t\t<\/style>\n\t\t<div id='gallery-5' class='gallery galleryid-9192 gallery-columns-1 gallery-size-thr-layout-a-nosid'><dl class='gallery-item'>\n\t\t\t<dt class='gallery-icon landscape'>\n\t\t\t\t<a href='https:\/\/horti-generation.com\/wp-content\/uploads\/2023\/12\/20231130_104909.jpg'><img width=\"1070\" height=\"482\" src=\"https:\/\/horti-generation.com\/wp-content\/uploads\/2023\/12\/20231130_104909-1070x482.jpg\" class=\"attachment-thr-layout-a-nosid size-thr-layout-a-nosid\" alt=\"\" decoding=\"async\" loading=\"lazy\" srcset=\"https:\/\/horti-generation.com\/wp-content\/uploads\/2023\/12\/20231130_104909-1070x482.jpg 1070w, https:\/\/horti-generation.com\/wp-content\/uploads\/2023\/12\/20231130_104909-300x135.jpg 300w, https:\/\/horti-generation.com\/wp-content\/uploads\/2023\/12\/20231130_104909-1024x461.jpg 1024w, https:\/\/horti-generation.com\/wp-content\/uploads\/2023\/12\/20231130_104909-768x346.jpg 768w, https:\/\/horti-generation.com\/wp-content\/uploads\/2023\/12\/20231130_104909-1536x692.jpg 1536w, https:\/\/horti-generation.com\/wp-content\/uploads\/2023\/12\/20231130_104909-2048x922.jpg 2048w, https:\/\/horti-generation.com\/wp-content\/uploads\/2023\/12\/20231130_104909-730x329.jpg 730w\" sizes=\"(max-width: 1070px) 100vw, 1070px\" \/><\/a>\n\t\t\t<\/dt><\/dl><br style=\"clear: both\" \/>\n\t\t<\/div>\n\n\n\n<p><\/p>\n\n\n\n<h2><strong>De belles perspectives!<\/strong><\/h2>\n\n\n\n<p><\/p>\n\n\n\n<p>Cette innovation et le travail entrepris par les experts des Industries Harnois laissent pr\u00e9sager un beau futur \u00e0 ce <strong>syst\u00e8me low-tech <\/strong>\u00e0 faible co\u00fbt permettant d&#8217;offrir beaucoup de souplesse aux producteurs maraichers et surtout des \u00e9conomies r\u00e9elles en chauffage.<\/p>\n\n\n\n<p><\/p>\n\n\n\n<p>Sources:<\/p>\n\n\n\n<p><\/p>\n\n\n\n<p><strong>Construction d&#8217;une enrouleuse \u00e0 couvertures flottantes, CETAB+ <\/strong>:<br><a href=\"https:\/\/cetab.bio\/publication\/construction-dune-enrouleuse-a-couvertures-flottantes\/\">https:\/\/cetab.bio\/publication\/construction-dune-enrouleuse-a-couvertures-flottantes\/<\/a><\/p>\n\n\n\n<p><\/p>\n\n\n\n<p><strong>Efficacit\u00e9 \u00e9nerg\u00e9tique pour votre serre individuelle<\/strong>, disponible sur le blog Horti-Generation:<\/p>\n\n\n\n<figure class=\"wp-block-embed is-type-wp-embed is-provider-horti-generation wp-block-embed-horti-generation\"><div class=\"wp-block-embed__wrapper\">\n<blockquote class=\"wp-embedded-content\" data-secret=\"MQMheYWLR5\"><a href=\"https:\/\/horti-generation.com\/energy-efficient-high-tunnel-greenhouse-system\/\">Energy efficient high tunnel greenhouse system<\/a><\/blockquote><iframe class=\"wp-embedded-content\" sandbox=\"allow-scripts\" security=\"restricted\" style=\"position: absolute; clip: rect(1px, 1px, 1px, 1px);\" title=\"&#8220;Energy efficient high tunnel greenhouse system&#8221; &#8212; Horti Generation\" src=\"https:\/\/horti-generation.com\/energy-efficient-high-tunnel-greenhouse-system\/embed\/#?secret=whZeWqGUl8#?secret=MQMheYWLR5\" data-secret=\"MQMheYWLR5\" width=\"600\" height=\"338\" frameborder=\"0\" marginwidth=\"0\" marginheight=\"0\" scrolling=\"no\"><\/iframe>\n<\/div><\/figure>\n\n\n\n<p><\/p>\n\n\n\n<p><strong>Efficacit\u00e9 \u00e9nerg\u00e9tique dans serre individuelle<\/strong>, disponible aussi sur Agri-R\u00e9seau:<\/p>\n\n\n\n<p><a href=\"https:\/\/www.agrireseau.net\/blogue\/112537\/efficacite-energetique-dans-une-serre-individuelle-performance-et-innovation\" target=\"_blank\" rel=\"noreferrer noopener\">https:\/\/www.agrireseau.net\/blogue\/112537\/efficacite-energetique-dans-une-serre-individuelle-performance-et-innovation<\/a><\/p>\n\n\n\n<p><br><\/p>\n\n\n\n<p><\/p>\n","protected":false},"excerpt":{"rendered":"<p>Un aper\u00e7u des couvertures thermiques r\u00e9tractables compatibles avec la serre Ovaltech pour les cultures d&#8217;hiver en Am\u00e9rique du Nord. Cette solution innovante vous permettra de maintenir vos co\u00fbts d&#8217;exploitation au plus bas. <\/p>\n","protected":false},"author":2,"featured_media":9174,"comment_status":"open","ping_status":"open","sticky":false,"template":"","format":"gallery","meta":{"_exactmetrics_skip_tracking":false,"_exactmetrics_sitenote_active":false,"_exactmetrics_sitenote_note":"","_exactmetrics_sitenote_category":0},"categories":[261],"tags":[1500,677,1506,1512,1509,1507,1510,1479,1228,1511,1501,1184,1010,630,1239,1480,1188,632,1502,1514,1503,1504,272,1513,1482,1508,631,1505],"yoast_head":"<!-- This site is optimized with the Yoast SEO plugin v21.1 - https:\/\/yoast.com\/wordpress\/plugins\/seo\/ -->\n<title>Couvertures thermiques r\u00e9tractables dans une serre individuelle - Horti Generation<\/title>\n<meta name=\"description\" content=\"Un aper\u00e7u des couvertures thermiques r\u00e9tractables compatibles avec la serre Ovaltech pour les cultures d&#039;hiver en Am\u00e9rique du Nord.\" \/>\n<meta name=\"robots\" content=\"index, follow, max-snippet:-1, max-image-preview:large, max-video-preview:-1\" \/>\n<link rel=\"canonical\" href=\"https:\/\/horti-generation.com\/fr\/couvertures-thermiques-retractables-serre-tunnel-culture-froide-hiver\/\" \/>\n<meta property=\"og:locale\" content=\"fr_FR\" \/>\n<meta property=\"og:type\" content=\"article\" \/>\n<meta property=\"og:title\" content=\"Couvertures thermiques r\u00e9tractables dans une serre individuelle - Horti Generation\" \/>\n<meta property=\"og:description\" content=\"Un aper\u00e7u des couvertures thermiques r\u00e9tractables compatibles avec la serre Ovaltech pour les cultures d&#039;hiver en Am\u00e9rique du Nord.\" \/>\n<meta property=\"og:url\" content=\"https:\/\/horti-generation.com\/fr\/couvertures-thermiques-retractables-serre-tunnel-culture-froide-hiver\/\" \/>\n<meta property=\"og:site_name\" content=\"Horti Generation\" \/>\n<meta property=\"article:publisher\" content=\"https:\/\/www.facebook.com\/greenhouse.horticulture.expert\" \/>\n<meta property=\"article:author\" content=\"https:\/\/www.facebook.com\/greenhouse.horticulture.expert\" \/>\n<meta property=\"article:published_time\" content=\"2023-12-10T19:05:47+00:00\" \/>\n<meta property=\"article:modified_time\" content=\"2024-03-29T15:33:04+00:00\" \/>\n<meta property=\"og:image\" content=\"https:\/\/horti-generation.com\/wp-content\/uploads\/2023\/12\/P1220797-1024x600.jpg\" \/>\n\t<meta property=\"og:image:width\" content=\"1024\" \/>\n\t<meta property=\"og:image:height\" content=\"600\" \/>\n\t<meta property=\"og:image:type\" content=\"image\/jpeg\" \/>\n<meta name=\"author\" content=\"Corenthin Chassouant\" \/>\n<meta name=\"twitter:card\" content=\"summary_large_image\" \/>\n<meta name=\"twitter:creator\" content=\"@https:\/\/x.com\/Corenthin_Cha\" \/>\n<meta name=\"twitter:site\" content=\"@Corenthin_Cha\" \/>\n<meta name=\"twitter:label1\" content=\"\u00c9crit par\" \/>\n\t<meta name=\"twitter:data1\" content=\"Corenthin Chassouant\" \/>\n\t<meta name=\"twitter:label2\" content=\"Dur\u00e9e de lecture estim\u00e9e\" \/>\n\t<meta name=\"twitter:data2\" content=\"4 minutes\" \/>\n<script type=\"application\/ld+json\" class=\"yoast-schema-graph\">{\"@context\":\"https:\/\/schema.org\",\"@graph\":[{\"@type\":\"Article\",\"@id\":\"https:\/\/horti-generation.com\/fr\/couvertures-thermiques-retractables-serre-tunnel-culture-froide-hiver\/#article\",\"isPartOf\":{\"@id\":\"https:\/\/horti-generation.com\/fr\/couvertures-thermiques-retractables-serre-tunnel-culture-froide-hiver\/\"},\"author\":{\"name\":\"Corenthin Chassouant\",\"@id\":\"https:\/\/horti-generation.com\/fr\/#\/schema\/person\/b7fd88164e1c7b1228eb5c29b5841b6d\"},\"headline\":\"Couvertures thermiques r\u00e9tractables dans une serre individuelle\",\"datePublished\":\"2023-12-10T19:05:47+00:00\",\"dateModified\":\"2024-03-29T15:33:04+00:00\",\"mainEntityOfPage\":{\"@id\":\"https:\/\/horti-generation.com\/fr\/couvertures-thermiques-retractables-serre-tunnel-culture-froide-hiver\/\"},\"wordCount\":457,\"commentCount\":0,\"publisher\":{\"@id\":\"https:\/\/horti-generation.com\/fr\/#\/schema\/person\/b7fd88164e1c7b1228eb5c29b5841b6d\"},\"keywords\":[\"cetab+\",\"chauffage\",\"couverture thermique\",\"culture hiver\",\"\u00e9conomies\",\"\u00e9cran\",\"effet de serre\",\"energy efficient\",\"energy savings\",\"enrouleuse\",\"ground to ground\",\"harnois\",\"hiver\",\"individuelle\",\"innovation\",\"NRCS\",\"ovaltech\",\"ovaltech\",\"profitability\",\"quebec\",\"retractable thermal blankets\",\"screen\",\"serre\",\"serre froide\",\"thermal retention\",\"thermicit\u00e9\",\"tunnel\",\"winter crops\"],\"articleSection\":[\"PHOTOS\"],\"inLanguage\":\"fr-FR\",\"potentialAction\":[{\"@type\":\"CommentAction\",\"name\":\"Comment\",\"target\":[\"https:\/\/horti-generation.com\/fr\/couvertures-thermiques-retractables-serre-tunnel-culture-froide-hiver\/#respond\"]}]},{\"@type\":\"WebPage\",\"@id\":\"https:\/\/horti-generation.com\/fr\/couvertures-thermiques-retractables-serre-tunnel-culture-froide-hiver\/\",\"url\":\"https:\/\/horti-generation.com\/fr\/couvertures-thermiques-retractables-serre-tunnel-culture-froide-hiver\/\",\"name\":\"Couvertures thermiques r\u00e9tractables dans une serre individuelle - Horti Generation\",\"isPartOf\":{\"@id\":\"https:\/\/horti-generation.com\/fr\/#website\"},\"datePublished\":\"2023-12-10T19:05:47+00:00\",\"dateModified\":\"2024-03-29T15:33:04+00:00\",\"description\":\"Un aper\u00e7u des couvertures thermiques r\u00e9tractables compatibles avec la serre Ovaltech pour les cultures d'hiver en Am\u00e9rique du Nord.\",\"breadcrumb\":{\"@id\":\"https:\/\/horti-generation.com\/fr\/couvertures-thermiques-retractables-serre-tunnel-culture-froide-hiver\/#breadcrumb\"},\"inLanguage\":\"fr-FR\",\"potentialAction\":[{\"@type\":\"ReadAction\",\"target\":[\"https:\/\/horti-generation.com\/fr\/couvertures-thermiques-retractables-serre-tunnel-culture-froide-hiver\/\"]}]},{\"@type\":\"BreadcrumbList\",\"@id\":\"https:\/\/horti-generation.com\/fr\/couvertures-thermiques-retractables-serre-tunnel-culture-froide-hiver\/#breadcrumb\",\"itemListElement\":[{\"@type\":\"ListItem\",\"position\":1,\"name\":\"Accueil\",\"item\":\"https:\/\/horti-generation.com\/fr\/\"},{\"@type\":\"ListItem\",\"position\":2,\"name\":\"Couvertures thermiques r\u00e9tractables dans une serre individuelle\"}]},{\"@type\":\"WebSite\",\"@id\":\"https:\/\/horti-generation.com\/fr\/#website\",\"url\":\"https:\/\/horti-generation.com\/fr\/\",\"name\":\"Horti Generation\",\"description\":\"Horti Generation | Greenhouse &amp; CEA Insights for North American Commercial Growers\",\"publisher\":{\"@id\":\"https:\/\/horti-generation.com\/fr\/#\/schema\/person\/b7fd88164e1c7b1228eb5c29b5841b6d\"},\"potentialAction\":[{\"@type\":\"SearchAction\",\"target\":{\"@type\":\"EntryPoint\",\"urlTemplate\":\"https:\/\/horti-generation.com\/fr\/?s={search_term_string}\"},\"query-input\":\"required name=search_term_string\"}],\"inLanguage\":\"fr-FR\"},{\"@type\":[\"Person\",\"Organization\"],\"@id\":\"https:\/\/horti-generation.com\/fr\/#\/schema\/person\/b7fd88164e1c7b1228eb5c29b5841b6d\",\"name\":\"Corenthin Chassouant\",\"image\":{\"@type\":\"ImageObject\",\"inLanguage\":\"fr-FR\",\"@id\":\"https:\/\/horti-generation.com\/fr\/#\/schema\/person\/image\/\",\"url\":\"https:\/\/horti-generation.com\/wp-content\/uploads\/2019\/09\/L3A2533-1024x683.jpg\",\"contentUrl\":\"https:\/\/horti-generation.com\/wp-content\/uploads\/2019\/09\/L3A2533-1024x683.jpg\",\"width\":1024,\"height\":683,\"caption\":\"Corenthin Chassouant\"},\"logo\":{\"@id\":\"https:\/\/horti-generation.com\/fr\/#\/schema\/person\/image\/\"},\"description\":\"I am an agronomist (MSc) and greenhouse expert with 10+ years of experience in the Controlled Environment Agriculture (CEA) sector. I provide expert advice to growers and industry professionals worldwide. My international background allows me to optimize greenhouse operations and enhance productivity. Let's connect to achieve your agricultural goals!\",\"sameAs\":[\"https:\/\/horti-generation.com\",\"https:\/\/www.facebook.com\/greenhouse.horticulture.expert\",\"https:\/\/www.instagram.com\/felixcha_harnois\/?hl=en\",\"https:\/\/www.linkedin.com\/in\/corenthin-f\u00e9lix-chassouant\/\",\"https:\/\/twitter.com\/https:\/\/x.com\/Corenthin_Cha\"]}]}<\/script>\n<!-- \/ Yoast SEO plugin. -->","yoast_head_json":{"title":"Couvertures thermiques r\u00e9tractables dans une serre individuelle - Horti Generation","description":"Un aper\u00e7u des couvertures thermiques r\u00e9tractables compatibles avec la serre Ovaltech pour les cultures d'hiver en Am\u00e9rique du Nord.","robots":{"index":"index","follow":"follow","max-snippet":"max-snippet:-1","max-image-preview":"max-image-preview:large","max-video-preview":"max-video-preview:-1"},"canonical":"https:\/\/horti-generation.com\/fr\/couvertures-thermiques-retractables-serre-tunnel-culture-froide-hiver\/","og_locale":"fr_FR","og_type":"article","og_title":"Couvertures thermiques r\u00e9tractables dans une serre individuelle - Horti Generation","og_description":"Un aper\u00e7u des couvertures thermiques r\u00e9tractables compatibles avec la serre Ovaltech pour les cultures d'hiver en Am\u00e9rique du Nord.","og_url":"https:\/\/horti-generation.com\/fr\/couvertures-thermiques-retractables-serre-tunnel-culture-froide-hiver\/","og_site_name":"Horti Generation","article_publisher":"https:\/\/www.facebook.com\/greenhouse.horticulture.expert","article_author":"https:\/\/www.facebook.com\/greenhouse.horticulture.expert","article_published_time":"2023-12-10T19:05:47+00:00","article_modified_time":"2024-03-29T15:33:04+00:00","og_image":[{"width":1024,"height":600,"url":"https:\/\/horti-generation.com\/wp-content\/uploads\/2023\/12\/P1220797-1024x600.jpg","type":"image\/jpeg"}],"author":"Corenthin Chassouant","twitter_card":"summary_large_image","twitter_creator":"@https:\/\/x.com\/Corenthin_Cha","twitter_site":"@Corenthin_Cha","twitter_misc":{"\u00c9crit par":"Corenthin Chassouant","Dur\u00e9e de lecture estim\u00e9e":"4 minutes"},"schema":{"@context":"https:\/\/schema.org","@graph":[{"@type":"Article","@id":"https:\/\/horti-generation.com\/fr\/couvertures-thermiques-retractables-serre-tunnel-culture-froide-hiver\/#article","isPartOf":{"@id":"https:\/\/horti-generation.com\/fr\/couvertures-thermiques-retractables-serre-tunnel-culture-froide-hiver\/"},"author":{"name":"Corenthin Chassouant","@id":"https:\/\/horti-generation.com\/fr\/#\/schema\/person\/b7fd88164e1c7b1228eb5c29b5841b6d"},"headline":"Couvertures thermiques r\u00e9tractables dans une serre individuelle","datePublished":"2023-12-10T19:05:47+00:00","dateModified":"2024-03-29T15:33:04+00:00","mainEntityOfPage":{"@id":"https:\/\/horti-generation.com\/fr\/couvertures-thermiques-retractables-serre-tunnel-culture-froide-hiver\/"},"wordCount":457,"commentCount":0,"publisher":{"@id":"https:\/\/horti-generation.com\/fr\/#\/schema\/person\/b7fd88164e1c7b1228eb5c29b5841b6d"},"keywords":["cetab+","chauffage","couverture thermique","culture hiver","\u00e9conomies","\u00e9cran","effet de serre","energy efficient","energy savings","enrouleuse","ground to ground","harnois","hiver","individuelle","innovation","NRCS","ovaltech","ovaltech","profitability","quebec","retractable thermal blankets","screen","serre","serre froide","thermal retention","thermicit\u00e9","tunnel","winter crops"],"articleSection":["PHOTOS"],"inLanguage":"fr-FR","potentialAction":[{"@type":"CommentAction","name":"Comment","target":["https:\/\/horti-generation.com\/fr\/couvertures-thermiques-retractables-serre-tunnel-culture-froide-hiver\/#respond"]}]},{"@type":"WebPage","@id":"https:\/\/horti-generation.com\/fr\/couvertures-thermiques-retractables-serre-tunnel-culture-froide-hiver\/","url":"https:\/\/horti-generation.com\/fr\/couvertures-thermiques-retractables-serre-tunnel-culture-froide-hiver\/","name":"Couvertures thermiques r\u00e9tractables dans une serre individuelle - Horti Generation","isPartOf":{"@id":"https:\/\/horti-generation.com\/fr\/#website"},"datePublished":"2023-12-10T19:05:47+00:00","dateModified":"2024-03-29T15:33:04+00:00","description":"Un aper\u00e7u des couvertures thermiques r\u00e9tractables compatibles avec la serre Ovaltech pour les cultures d'hiver en Am\u00e9rique du Nord.","breadcrumb":{"@id":"https:\/\/horti-generation.com\/fr\/couvertures-thermiques-retractables-serre-tunnel-culture-froide-hiver\/#breadcrumb"},"inLanguage":"fr-FR","potentialAction":[{"@type":"ReadAction","target":["https:\/\/horti-generation.com\/fr\/couvertures-thermiques-retractables-serre-tunnel-culture-froide-hiver\/"]}]},{"@type":"BreadcrumbList","@id":"https:\/\/horti-generation.com\/fr\/couvertures-thermiques-retractables-serre-tunnel-culture-froide-hiver\/#breadcrumb","itemListElement":[{"@type":"ListItem","position":1,"name":"Accueil","item":"https:\/\/horti-generation.com\/fr\/"},{"@type":"ListItem","position":2,"name":"Couvertures thermiques r\u00e9tractables dans une serre individuelle"}]},{"@type":"WebSite","@id":"https:\/\/horti-generation.com\/fr\/#website","url":"https:\/\/horti-generation.com\/fr\/","name":"Horti Generation","description":"Horti Generation | Greenhouse &amp; CEA Insights for North American Commercial Growers","publisher":{"@id":"https:\/\/horti-generation.com\/fr\/#\/schema\/person\/b7fd88164e1c7b1228eb5c29b5841b6d"},"potentialAction":[{"@type":"SearchAction","target":{"@type":"EntryPoint","urlTemplate":"https:\/\/horti-generation.com\/fr\/?s={search_term_string}"},"query-input":"required name=search_term_string"}],"inLanguage":"fr-FR"},{"@type":["Person","Organization"],"@id":"https:\/\/horti-generation.com\/fr\/#\/schema\/person\/b7fd88164e1c7b1228eb5c29b5841b6d","name":"Corenthin Chassouant","image":{"@type":"ImageObject","inLanguage":"fr-FR","@id":"https:\/\/horti-generation.com\/fr\/#\/schema\/person\/image\/","url":"https:\/\/horti-generation.com\/wp-content\/uploads\/2019\/09\/L3A2533-1024x683.jpg","contentUrl":"https:\/\/horti-generation.com\/wp-content\/uploads\/2019\/09\/L3A2533-1024x683.jpg","width":1024,"height":683,"caption":"Corenthin Chassouant"},"logo":{"@id":"https:\/\/horti-generation.com\/fr\/#\/schema\/person\/image\/"},"description":"I am an agronomist (MSc) and greenhouse expert with 10+ years of experience in the Controlled Environment Agriculture (CEA) sector. I provide expert advice to growers and industry professionals worldwide. My international background allows me to optimize greenhouse operations and enhance productivity. Let's connect to achieve your agricultural goals!","sameAs":["https:\/\/horti-generation.com","https:\/\/www.facebook.com\/greenhouse.horticulture.expert","https:\/\/www.instagram.com\/felixcha_harnois\/?hl=en","https:\/\/www.linkedin.com\/in\/corenthin-f\u00e9lix-chassouant\/","https:\/\/twitter.com\/https:\/\/x.com\/Corenthin_Cha"]}]}},"_links":{"self":[{"href":"https:\/\/horti-generation.com\/fr\/wp-json\/wp\/v2\/posts\/9192"}],"collection":[{"href":"https:\/\/horti-generation.com\/fr\/wp-json\/wp\/v2\/posts"}],"about":[{"href":"https:\/\/horti-generation.com\/fr\/wp-json\/wp\/v2\/types\/post"}],"author":[{"embeddable":true,"href":"https:\/\/horti-generation.com\/fr\/wp-json\/wp\/v2\/users\/2"}],"replies":[{"embeddable":true,"href":"https:\/\/horti-generation.com\/fr\/wp-json\/wp\/v2\/comments?post=9192"}],"version-history":[{"count":7,"href":"https:\/\/horti-generation.com\/fr\/wp-json\/wp\/v2\/posts\/9192\/revisions"}],"predecessor-version":[{"id":9439,"href":"https:\/\/horti-generation.com\/fr\/wp-json\/wp\/v2\/posts\/9192\/revisions\/9439"}],"wp:featuredmedia":[{"embeddable":true,"href":"https:\/\/horti-generation.com\/fr\/wp-json\/wp\/v2\/media\/9174"}],"wp:attachment":[{"href":"https:\/\/horti-generation.com\/fr\/wp-json\/wp\/v2\/media?parent=9192"}],"wp:term":[{"taxonomy":"category","embeddable":true,"href":"https:\/\/horti-generation.com\/fr\/wp-json\/wp\/v2\/categories?post=9192"},{"taxonomy":"post_tag","embeddable":true,"href":"https:\/\/horti-generation.com\/fr\/wp-json\/wp\/v2\/tags?post=9192"}],"curies":[{"name":"wp","href":"https:\/\/api.w.org\/{rel}","templated":true}]}}